{"id":526,"date":"2024-10-20T15:28:07","date_gmt":"2024-10-20T18:28:07","guid":{"rendered":"https:\/\/freirers.com.br\/?p=526"},"modified":"2024-10-20T15:56:14","modified_gmt":"2024-10-20T18:56:14","slug":"roberto-carlos","status":"publish","type":"post","link":"https:\/\/freirers.com.br\/?p=526","title":{"rendered":"Roberto Carlos"},"content":{"rendered":"\n<hr class=\"wp-block-separator has-text-color has-vivid-cyan-blue-color has-alpha-channel-opacity has-vivid-cyan-blue-background-color has-background\"\/>\n\n\n\n<p class=\"wp-block-paragraph\">Ainda em Santiago, numa das f\u00e9rias de meu irm\u00e3o, ele apareceu com uma novidade, que era os \u201cdisquinhos\u201d, compacto simples e duplo\u2026Imaginem!<\/p>\n\n\n\n<p class=\"wp-block-paragraph\"><\/p>\n\n\n\n<figure class=\"wp-block-image size-full is-resized\"><img loading=\"lazy\" decoding=\"async\" width=\"713\" height=\"733\" src=\"http:\/\/freirers.com.br\/wp-content\/uploads\/2024\/10\/Roberto-Carlos-LP.png\" alt=\"\" class=\"wp-image-495\" style=\"width:839px;height:auto\" srcset=\"https:\/\/freirers.com.br\/wp-content\/uploads\/2024\/10\/Roberto-Carlos-LP.png 713w, https:\/\/freirers.com.br\/wp-content\/uploads\/2024\/10\/Roberto-Carlos-LP-292x300.png 292w\" sizes=\"auto, (max-width: 713px) 100vw, 713px\" \/><\/figure>\n\n\n\n<p class=\"wp-block-paragraph\"><\/p>\n\n\n\n<p class=\"wp-block-paragraph\"><audio class=\"wp-audio-shortcode\" id=\"audio-526-1\" preload=\"none\" style=\"width: 100%;\" controls=\"controls\"><source type=\"audio\/mpeg\" src=\"http:\/\/freirers.com.br\/wp-content\/uploads\/2024\/10\/Roberto-Carlos-Na-Lua-Nao-Ha.mp3?_=1\" \/><a href=\"http:\/\/freirers.com.br\/wp-content\/uploads\/2024\/10\/Roberto-Carlos-Na-Lua-Nao-Ha.mp3\">http:\/\/freirers.com.br\/wp-content\/uploads\/2024\/10\/Roberto-Carlos-Na-Lua-Nao-Ha.mp3<\/a><\/audio><\/p>\n\n\n\n<p class=\"wp-block-paragraph\">Na Lua N\u00e3o H\u00e1<\/p>\n\n\n\n<p class=\"wp-block-paragraph\"><\/p>\n\n\n\n<p class=\"wp-block-paragraph\"><audio class=\"wp-audio-shortcode\" id=\"audio-526-2\" preload=\"none\" style=\"width: 100%;\" controls=\"controls\"><source type=\"audio\/mpeg\" src=\"http:\/\/freirers.com.br\/wp-content\/uploads\/2024\/10\/Roberto-Carlos-Parei-Na-Contra-Mao.mp3?_=2\" \/><a href=\"http:\/\/freirers.com.br\/wp-content\/uploads\/2024\/10\/Roberto-Carlos-Parei-Na-Contra-Mao.mp3\">http:\/\/freirers.com.br\/wp-content\/uploads\/2024\/10\/Roberto-Carlos-Parei-Na-Contra-Mao.mp3<\/a><\/audio><\/p>\n\n\n\n<p class=\"wp-block-paragraph\"><audio preload=\"none\"><\/audio><audio preload=\"none\"><\/audio>Parei na Contra-M\u00e3o<\/p>\n\n\n\n<p class=\"wp-block-paragraph\"><\/p>\n\n\n\n<p class=\"wp-block-paragraph\"><audio class=\"wp-audio-shortcode\" id=\"audio-526-3\" preload=\"none\" style=\"width: 100%;\" controls=\"controls\"><source type=\"audio\/mpeg\" src=\"http:\/\/freirers.com.br\/wp-content\/uploads\/2024\/10\/Roberto-Carlos-Quero-Que-Va-Tudo-Pro-Inferno.mp3?_=3\" \/><a href=\"http:\/\/freirers.com.br\/wp-content\/uploads\/2024\/10\/Roberto-Carlos-Quero-Que-Va-Tudo-Pro-Inferno.mp3\">http:\/\/freirers.com.br\/wp-content\/uploads\/2024\/10\/Roberto-Carlos-Quero-Que-Va-Tudo-Pro-Inferno.mp3<\/a><\/audio><\/p>\n\n\n\n<p class=\"wp-block-paragraph\"><audio preload=\"none\"><\/audio>Quero Que V\u00e1 Tudo Pro Inferno<\/p>\n\n\n\n<p class=\"wp-block-paragraph\">Imaginem meus av\u00f3s, meu pai e minha m\u00e3e\u2026..Com essa modernidade, que j\u00e1 se ouvia no r\u00e1dio\u2026<\/p>\n\n\n\n<hr class=\"wp-block-separator has-text-color has-vivid-cyan-blue-color has-alpha-channel-opacity has-vivid-cyan-blue-background-color has-background\"\/>\n\n\n\n<p class=\"has-text-align-center wp-block-paragraph\"><a href=\"javascript:history.go(-1)\">Voltar<\/a><\/p>\n\n\n\n<hr class=\"wp-block-separator has-text-color has-vivid-cyan-blue-color has-alpha-channel-opacity has-vivid-cyan-blue-background-color has-background\"\/>\n","protected":false},"excerpt":{"rendered":"<p>Ainda em Santiago, numa das f\u00e9rias de meu irm\u00e3o, ele apareceu com uma novidade, que era os \u201cdisquinhos\u201d, compacto simples e duplo\u2026Imaginem! http:\/\/freirers.com.br\/wp-content\/uploads\/2024\/10\/Roberto-Carlos-Na-Lua-Nao-Ha.mp3 Na Lua N\u00e3o H\u00e1 http:\/\/freirers.com.br\/wp-content\/uploads\/2024\/10\/Roberto-Carlos-Parei-Na-Contra-Mao.mp3 Parei na Contra-M\u00e3o http:\/\/freirers.com.br\/wp-content\/uploads\/2024\/10\/Roberto-Carlos-Quero-Que-Va-Tudo-Pro-Inferno.mp3 Quero Que V\u00e1 Tudo Pro Inferno Imaginem meus av\u00f3s, meu pai e minha m\u00e3e\u2026..Com essa modernidade, que j\u00e1 se ouvia no r\u00e1dio\u2026 Voltar<\/p>\n","protected":false},"author":1,"featured_media":0,"comment_status":"closed","ping_status":"closed","sticky":false,"template":"","format":"standard","meta":{"footnotes":""},"categories":[11],"tags":[],"class_list":["post-526","post","type-post","status-publish","format-standard","hentry","category-minha-historia"],"_links":{"self":[{"href":"https:\/\/freirers.com.br\/index.php?rest_route=\/wp\/v2\/posts\/526","targetHints":{"allow":["GET"]}}],"collection":[{"href":"https:\/\/freirers.com.br\/index.php?rest_route=\/wp\/v2\/posts"}],"about":[{"href":"https:\/\/freirers.com.br\/index.php?rest_route=\/wp\/v2\/types\/post"}],"author":[{"embeddable":true,"href":"https:\/\/freirers.com.br\/index.php?rest_route=\/wp\/v2\/users\/1"}],"replies":[{"embeddable":true,"href":"https:\/\/freirers.com.br\/index.php?rest_route=%2Fwp%2Fv2%2Fcomments&post=526"}],"version-history":[{"count":5,"href":"https:\/\/freirers.com.br\/index.php?rest_route=\/wp\/v2\/posts\/526\/revisions"}],"predecessor-version":[{"id":532,"href":"https:\/\/freirers.com.br\/index.php?rest_route=\/wp\/v2\/posts\/526\/revisions\/532"}],"wp:attachment":[{"href":"https:\/\/freirers.com.br\/index.php?rest_route=%2Fwp%2Fv2%2Fmedia&parent=526"}],"wp:term":[{"taxonomy":"category","embeddable":true,"href":"https:\/\/freirers.com.br\/index.php?rest_route=%2Fwp%2Fv2%2Fcategories&post=526"},{"taxonomy":"post_tag","embeddable":true,"href":"https:\/\/freirers.com.br\/index.php?rest_route=%2Fwp%2Fv2%2Ftags&post=526"}],"curies":[{"name":"wp","href":"https:\/\/api.w.org\/{rel}","templated":true}]}}